{"id":9025,"date":"2022-06-20T12:47:13","date_gmt":"2022-06-20T10:47:13","guid":{"rendered":"https:\/\/napnt.pl\/strona\/?p=9025"},"modified":"2022-06-20T16:49:41","modified_gmt":"2022-06-20T14:49:41","slug":"porazka-orlikow-na-zakonczenie-sezonu","status":"publish","type":"post","link":"https:\/\/napnt.pl\/strona\/aktualnosci\/porazka-orlikow-na-zakonczenie-sezonu\/","title":{"rendered":"Pora\u017cka Orlik\u00f3w na zako\u0144czenie sezonu"},"content":{"rendered":"<p>W niedzielne popo\u0142udnie 19 czerwca Orlicy Starsi NAP I Polonii w Zb\u0105szyniu zmierzyli si\u0119 z zespo\u0142em tamtejszej Obry. Pocz\u0105tek spotkania nale\u017ca\u0142 do dru\u017cyny NAP-u, kt\u00f3ra obj\u0119\u0142a prowadzenie, kilkukrotnie te\u017c nie wykorzystuj\u0105c dogodnych sytuacji podbramkowych. Z biegiem czasu do g\u0142osu zacz\u0119li dochodzi\u0107 zawodnicy miejscowej dru\u017cyny, kt\u00f3rzy zdobyli a\u017c trzy bramki i do przerwy prowadzili 3:1. Po przerwie do odrabiania strat rzucili si\u0119 poloni\u015bci, szybko wyr\u00f3wnali stan meczu na 3:3, jednak\u017ce w ponad 30-sto stopniowym upale opadli z si\u0142, co zako\u0144czy\u0142o si\u0119 pora\u017ck\u0105 8:4. By\u0142 to ostatni mecz naszego zespo\u0142u w rozgrywkach ligowych. Dzi\u0119kujemy za zaanga\u017cowanie w ca\u0142ych rozgrywkach zar\u00f3wno zawodnikom, jak i\u00a0 te\u017c rodzicom.<\/p>\n<p><a href=\"https:\/\/napnt.pl\/strona\/aktualnosci\/porazka-orlikow-na-zakonczenie-sezonu\/attachment\/20220619_114642\/\" rel=\"attachment wp-att-9026\"><img fetchpriority=\"high\" decoding=\"async\" class=\"aligncenter wp-image-9026\" src=\"https:\/\/napnt.pl\/strona\/wp-content\/uploads\/2022\/06\/20220619_114642-1024x768.jpg\" alt=\"20220619_114642\" width=\"508\" height=\"381\" srcset=\"https:\/\/napnt.pl\/strona\/wp-content\/uploads\/2022\/06\/20220619_114642-1024x768.jpg 1024w, https:\/\/napnt.pl\/strona\/wp-content\/uploads\/2022\/06\/20220619_114642-300x225.jpg 300w, https:\/\/napnt.pl\/strona\/wp-content\/uploads\/2022\/06\/20220619_114642-768x576.jpg 768w\" sizes=\"(max-width: 508px) 100vw, 508px\" \/><\/a><\/p>\n","protected":false},"excerpt":{"rendered":"<p>W niedzielne popo\u0142udnie 19 czerwca Orlicy Starsi NAP I Polonii w Zb\u0105szyniu zmierzyli si\u0119 z zespo\u0142em tamtejszej Obry. Pocz\u0105tek spotkania nale\u017ca\u0142 do dru\u017cyny NAP-u, kt\u00f3ra obj\u0119\u0142a prowadzenie, kilkukrotnie te\u017c nie wykorzystuj\u0105c dogodnych sytuacji podbramkowych. Z biegiem czasu do g\u0142osu zacz\u0119li dochodzi\u0107 zawodnicy miejscowej dru\u017cyny, kt\u00f3rzy zdobyli a\u017c trzy bramki i do przerwy prowadzili 3:1. Po [&hellip;]<\/p>\n","protected":false},"author":2,"featured_media":0,"comment_status":"open","ping_status":"open","sticky":false,"template":"","format":"standard","meta":{"_monsterinsights_skip_tracking":false,"_monsterinsights_sitenote_active":false,"_monsterinsights_sitenote_note":"","_monsterinsights_sitenote_category":0,"footnotes":""},"categories":[4],"tags":[],"class_list":["post-9025","post","type-post","status-publish","format-standard","hentry","category-aktualnosci"],"_links":{"self":[{"href":"https:\/\/napnt.pl\/strona\/wp-json\/wp\/v2\/posts\/9025","targetHints":{"allow":["GET"]}}],"collection":[{"href":"https:\/\/napnt.pl\/strona\/wp-json\/wp\/v2\/posts"}],"about":[{"href":"https:\/\/napnt.pl\/strona\/wp-json\/wp\/v2\/types\/post"}],"author":[{"embeddable":true,"href":"https:\/\/napnt.pl\/strona\/wp-json\/wp\/v2\/users\/2"}],"replies":[{"embeddable":true,"href":"https:\/\/napnt.pl\/strona\/wp-json\/wp\/v2\/comments?post=9025"}],"version-history":[{"count":2,"href":"https:\/\/napnt.pl\/strona\/wp-json\/wp\/v2\/posts\/9025\/revisions"}],"predecessor-version":[{"id":9028,"href":"https:\/\/napnt.pl\/strona\/wp-json\/wp\/v2\/posts\/9025\/revisions\/9028"}],"wp:attachment":[{"href":"https:\/\/napnt.pl\/strona\/wp-json\/wp\/v2\/media?parent=9025"}],"wp:term":[{"taxonomy":"category","embeddable":true,"href":"https:\/\/napnt.pl\/strona\/wp-json\/wp\/v2\/categories?post=9025"},{"taxonomy":"post_tag","embeddable":true,"href":"https:\/\/napnt.pl\/strona\/wp-json\/wp\/v2\/tags?post=9025"}],"curies":[{"name":"wp","href":"https:\/\/api.w.org\/{rel}","templated":true}]}}