{"id":9019,"date":"2022-06-15T12:23:12","date_gmt":"2022-06-15T10:23:12","guid":{"rendered":"https:\/\/napnt.pl\/strona\/?p=9019"},"modified":"2022-06-15T12:23:12","modified_gmt":"2022-06-15T10:23:12","slug":"oskar-z-powolaniem-na-turniej-kadr-regionow","status":"publish","type":"post","link":"https:\/\/napnt.pl\/strona\/aktualnosci\/oskar-z-powolaniem-na-turniej-kadr-regionow\/","title":{"rendered":"Oskar z powo\u0142aniem na Turniej Kadr Region\u00f3w"},"content":{"rendered":"<p>Mi\u0142o nam poinformowa\u0107, \u017ce Oskar Raczkowiak, zawodnik dru\u017cyny Orlik\u00f3w Starszych, otrzyma\u0142 od trenera Arkadiusza Adach powo\u0142anie na Turniej Kadr Region\u00f3w. Nasz wychowanek reprezentuje region w sk\u0142ad, kt\u00f3rego wchodz\u0105 powiaty: grodziski, szamotulski, nowotomyski i mi\u0119dzychodzki. S\u0105 to silne o\u015brodki pi\u0142karskie, kt\u00f3re s\u0142yn\u0105 ze szkolenia m\u0142odzie\u017cy. Oskarowi serdecznie gratulujemy i trzymamy kciuki za bardzo dobre wyst\u0119py 21 czerwca, kiedy to nasz region zmierzy si\u0119 z pozosta\u0142ymi regionami wojew\u00f3dztwo w Turnieju Kadr.<\/p>\n<p><a href=\"https:\/\/napnt.pl\/strona\/aktualnosci\/100-lat-dla-oskara\/attachment\/raczkowiak-o\/\" rel=\"attachment wp-att-8939\"><img fetchpriority=\"high\" decoding=\"async\" class=\"wp-image-8939 aligncenter\" src=\"https:\/\/napnt.pl\/strona\/wp-content\/uploads\/2022\/05\/Raczkowiak-O.-1024x768.jpg\" alt=\"Raczkowiak O.\" width=\"261\" height=\"348\" \/><\/a><\/p>\n","protected":false},"excerpt":{"rendered":"<p>Mi\u0142o nam poinformowa\u0107, \u017ce Oskar Raczkowiak, zawodnik dru\u017cyny Orlik\u00f3w Starszych, otrzyma\u0142 od trenera Arkadiusza Adach powo\u0142anie na Turniej Kadr Region\u00f3w. Nasz wychowanek reprezentuje region w sk\u0142ad, kt\u00f3rego wchodz\u0105 powiaty: grodziski, szamotulski, nowotomyski i mi\u0119dzychodzki. S\u0105 to silne o\u015brodki pi\u0142karskie, kt\u00f3re s\u0142yn\u0105 ze szkolenia m\u0142odzie\u017cy. Oskarowi serdecznie gratulujemy i trzymamy kciuki za bardzo dobre wyst\u0119py 21 [&hellip;]<\/p>\n","protected":false},"author":2,"featured_media":0,"comment_status":"open","ping_status":"open","sticky":false,"template":"","format":"standard","meta":{"_monsterinsights_skip_tracking":false,"_monsterinsights_sitenote_active":false,"_monsterinsights_sitenote_note":"","_monsterinsights_sitenote_category":0,"footnotes":""},"categories":[4],"tags":[],"class_list":["post-9019","post","type-post","status-publish","format-standard","hentry","category-aktualnosci"],"_links":{"self":[{"href":"https:\/\/napnt.pl\/strona\/wp-json\/wp\/v2\/posts\/9019","targetHints":{"allow":["GET"]}}],"collection":[{"href":"https:\/\/napnt.pl\/strona\/wp-json\/wp\/v2\/posts"}],"about":[{"href":"https:\/\/napnt.pl\/strona\/wp-json\/wp\/v2\/types\/post"}],"author":[{"embeddable":true,"href":"https:\/\/napnt.pl\/strona\/wp-json\/wp\/v2\/users\/2"}],"replies":[{"embeddable":true,"href":"https:\/\/napnt.pl\/strona\/wp-json\/wp\/v2\/comments?post=9019"}],"version-history":[{"count":1,"href":"https:\/\/napnt.pl\/strona\/wp-json\/wp\/v2\/posts\/9019\/revisions"}],"predecessor-version":[{"id":9020,"href":"https:\/\/napnt.pl\/strona\/wp-json\/wp\/v2\/posts\/9019\/revisions\/9020"}],"wp:attachment":[{"href":"https:\/\/napnt.pl\/strona\/wp-json\/wp\/v2\/media?parent=9019"}],"wp:term":[{"taxonomy":"category","embeddable":true,"href":"https:\/\/napnt.pl\/strona\/wp-json\/wp\/v2\/categories?post=9019"},{"taxonomy":"post_tag","embeddable":true,"href":"https:\/\/napnt.pl\/strona\/wp-json\/wp\/v2\/tags?post=9019"}],"curies":[{"name":"wp","href":"https:\/\/api.w.org\/{rel}","templated":true}]}}