{"id":7279,"date":"2019-05-09T11:58:02","date_gmt":"2019-05-09T09:58:02","guid":{"rendered":"http:\/\/napnt.pl\/strona\/?p=7279"},"modified":"2019-05-09T11:58:03","modified_gmt":"2019-05-09T09:58:03","slug":"patryk-schulz-na-konsultacji-wielkopolskiego-zpn","status":"publish","type":"post","link":"https:\/\/napnt.pl\/strona\/aktualnosci\/patryk-schulz-na-konsultacji-wielkopolskiego-zpn\/","title":{"rendered":"Patryk Schulz na konsultacji Wielkopolskiego ZPN"},"content":{"rendered":"<p>W poniedzia\u0142ek 29.04 w Poznaniu przy ul. Warmi\u0144skiej 1 odby\u0142a si\u0119 pierwsza w Polsce konsultacja dla zawodnik\u00f3w lewono\u017cnych urodzonych w roku 2008 oraz 2009 kadry Wielkopolskiego Zwi\u0105zku Pi\u0142ki No\u017cnej (po 16-tu z ka\u017cdego rocznika).\u00a0W konsultacji tej wzi\u0105\u0142 udzia\u0142 zawodnik naszego klubu: Patryk Schulz ( grupa Orlik E2, rocznik 2009). Nasz wychowanek bra\u0142 udzia\u0142 w ca\u0142odziennej konsultacji sk\u0142adaj\u0105cej si\u0119 z trzech cz\u0119\u015bci: treningu podczas, kt\u00f3rego zwracano szczeg\u00f3ln\u0105 uwag\u0119 na umiej\u0119tno\u015bci techniczne zawodnik\u00f3w oraz umiej\u0119tno\u015bci gry 1&#215;1 w ataku i obronie, wyk\u0142adu z podej\u015bcia mentalnego zawodnika do treningu, a tak\u017ce \u017cywienia i popo\u0142udniowej gry kontrolnej.\u00a0\u00a0Zaproszenie Patryka r\u00f3wnie\u017c nie by\u0142o przypadkowe. Nale\u017cy wspomnie\u0107,\u00a0i\u017c bra\u0142 on ju\u017c udzia\u0142 w konsultacjach szkoleniowych KKS Lecha Pozna\u0144 oraz bardzo dobrze prezentowa\u0142 si\u0119 podczas spotka\u0144 Mobilnej Akademii M\u0142odych Or\u0142\u00f3w. Patrykowi, jak i te\u017c jego trenerowi &#8211; Bartoszowi Nowaczykowi gratulujemy i trzymamy kciuki za dalszy rozw\u00f3j pi\u0142karski.<\/p>\n<p><a href=\"http:\/\/napnt.pl\/strona\/aktualnosci\/patryk-schulz-na-konsultacji-wielkopolskiego-zpn\/attachment\/fb_img_1557327239439-2\/\" rel=\"attachment wp-att-7281\"><img fetchpriority=\"high\" decoding=\"async\" class=\"wp-image-7281 aligncenter\" src=\"http:\/\/napnt.pl\/strona\/wp-content\/uploads\/2019\/05\/FB_IMG_1557327239439-1.jpg\" alt=\"FB_IMG_1557327239439\" width=\"504\" height=\"336\" srcset=\"https:\/\/napnt.pl\/strona\/wp-content\/uploads\/2019\/05\/FB_IMG_1557327239439-1.jpg 720w, https:\/\/napnt.pl\/strona\/wp-content\/uploads\/2019\/05\/FB_IMG_1557327239439-1-300x200.jpg 300w\" sizes=\"(max-width: 504px) 100vw, 504px\" \/><\/a><\/p>\n","protected":false},"excerpt":{"rendered":"<p>W poniedzia\u0142ek 29.04 w Poznaniu przy ul. Warmi\u0144skiej 1 odby\u0142a si\u0119 pierwsza w Polsce konsultacja dla zawodnik\u00f3w lewono\u017cnych urodzonych w roku 2008 oraz 2009 kadry Wielkopolskiego Zwi\u0105zku Pi\u0142ki No\u017cnej (po 16-tu z ka\u017cdego rocznika).\u00a0W konsultacji tej wzi\u0105\u0142 udzia\u0142 zawodnik naszego klubu: Patryk Schulz ( grupa Orlik E2, rocznik 2009). Nasz wychowanek bra\u0142 udzia\u0142 w ca\u0142odziennej [&hellip;]<\/p>\n","protected":false},"author":2,"featured_media":0,"comment_status":"open","ping_status":"open","sticky":false,"template":"","format":"standard","meta":{"_monsterinsights_skip_tracking":false,"_monsterinsights_sitenote_active":false,"_monsterinsights_sitenote_note":"","_monsterinsights_sitenote_category":0,"footnotes":""},"categories":[4],"tags":[],"class_list":["post-7279","post","type-post","status-publish","format-standard","hentry","category-aktualnosci"],"_links":{"self":[{"href":"https:\/\/napnt.pl\/strona\/wp-json\/wp\/v2\/posts\/7279","targetHints":{"allow":["GET"]}}],"collection":[{"href":"https:\/\/napnt.pl\/strona\/wp-json\/wp\/v2\/posts"}],"about":[{"href":"https:\/\/napnt.pl\/strona\/wp-json\/wp\/v2\/types\/post"}],"author":[{"embeddable":true,"href":"https:\/\/napnt.pl\/strona\/wp-json\/wp\/v2\/users\/2"}],"replies":[{"embeddable":true,"href":"https:\/\/napnt.pl\/strona\/wp-json\/wp\/v2\/comments?post=7279"}],"version-history":[{"count":2,"href":"https:\/\/napnt.pl\/strona\/wp-json\/wp\/v2\/posts\/7279\/revisions"}],"predecessor-version":[{"id":7283,"href":"https:\/\/napnt.pl\/strona\/wp-json\/wp\/v2\/posts\/7279\/revisions\/7283"}],"wp:attachment":[{"href":"https:\/\/napnt.pl\/strona\/wp-json\/wp\/v2\/media?parent=7279"}],"wp:term":[{"taxonomy":"category","embeddable":true,"href":"https:\/\/napnt.pl\/strona\/wp-json\/wp\/v2\/categories?post=7279"},{"taxonomy":"post_tag","embeddable":true,"href":"https:\/\/napnt.pl\/strona\/wp-json\/wp\/v2\/tags?post=7279"}],"curies":[{"name":"wp","href":"https:\/\/api.w.org\/{rel}","templated":true}]}}